



{"id":370472,"date":"2023-09-01T11:18:58","date_gmt":"2023-09-01T09:18:58","guid":{"rendered":"https:\/\/teepy-job.com\/?p=370472"},"modified":"2023-09-01T14:57:32","modified_gmt":"2023-09-01T12:57:32","slug":"les-points-cles-de-la-reforme-des-retraites-1er-septembre-2023","status":"publish","type":"post","link":"https:\/\/teepy-job.com\/les-points-cles-de-la-reforme-des-retraites-1er-septembre-2023\/","title":{"rendered":"Les points cl\u00e9s de la r\u00e9forme des retraites en vigueur au 1er septembre 2023"},"content":{"rendered":"\n<p>La r\u00e9forme des retraites fran\u00e7aises, entr\u00e9e en vigueur le 1er septembre 2023, a pour objectif de garantir la p\u00e9rennit\u00e9 du syst\u00e8me de retraite fran\u00e7ais, qui est confront\u00e9 \u00e0 un vieillissement de la population et \u00e0 une hausse de l&rsquo;esp\u00e9rance de vie.<\/p>\n\n\n\n<p>Les principales mesures de la r\u00e9forme sont les suivantes :<\/p>\n\n\n\n<h2>Rel\u00e8vement de l&rsquo;\u00e2ge l\u00e9gal de d\u00e9part \u00e0 la retraite\u00a0: <\/h2>\n\n\n\n<p>L&rsquo;\u00e2ge l\u00e9gal de d\u00e9part \u00e0 la retraite est progressivement repouss\u00e9, au rythme de trois mois par an, pour passer \u00e0 64 ans en 2030.<br>Cette mesure vise \u00e0 garantir la p\u00e9rennit\u00e9 du syst\u00e8me de retraite fran\u00e7ais, qui est confront\u00e9 \u00e0 un vieillissement de la population et \u00e0 une hausse de l&rsquo;esp\u00e9rance de vie.<br>Cela concerne les personnes n\u00e9es \u00e0 partir du 1<sup>er<\/sup> septembre 1961<\/p>\n\n\n<div class=\"wp-block-image\">\n<figure class=\"aligncenter size-large is-resized\"><img decoding=\"async\" loading=\"lazy\" src=\"https:\/\/teepy-job.com\/wp-content\/uploads\/2023\/09\/en-1967-1024x967.jpeg\" alt=\"\" class=\"wp-image-370487\" width=\"512\" height=\"484\" srcset=\"https:\/\/teepy-job.com\/wp-content\/uploads\/2023\/09\/en-1967-1024x967.jpeg 1024w, https:\/\/teepy-job.com\/wp-content\/uploads\/2023\/09\/en-1967-300x283.jpeg 300w, https:\/\/teepy-job.com\/wp-content\/uploads\/2023\/09\/en-1967-768x726.jpeg 768w, https:\/\/teepy-job.com\/wp-content\/uploads\/2023\/09\/en-1967.jpeg 1195w\" sizes=\"(max-width: 512px) 100vw, 512px\" \/><\/figure><\/div>\n\n\n<p><strong>Une dur\u00e9e de cotisation <\/strong>qui passera de 42 ans (168 trimestres) \u00e0 43 ans (172 trimestres) d\u2019ici 2027 pour b\u00e9n\u00e9ficier d&rsquo;une retraite \u00e0 taux plein.\u00a0Cette dur\u00e9e augmentera \u00e9galement progressivement pour les g\u00e9n\u00e9rations n\u00e9es apr\u00e8s 1964.<\/p>\n\n\n\n<h2>Carri\u00e8res longues pourront continuer \u00e0 partir plus t\u00f4t<\/h2>\n\n\n<div class=\"wp-block-image\">\n<figure class=\"aligncenter size-large is-resized\"><img decoding=\"async\" loading=\"lazy\" src=\"https:\/\/teepy-job.com\/wp-content\/uploads\/2023\/09\/Carrieres-longues-1024x1024.jpeg\" alt=\"\" class=\"wp-image-370474\" width=\"512\" height=\"512\" srcset=\"https:\/\/teepy-job.com\/wp-content\/uploads\/2023\/09\/Carrieres-longues-1024x1024.jpeg 1024w, https:\/\/teepy-job.com\/wp-content\/uploads\/2023\/09\/Carrieres-longues-300x300.jpeg 300w, https:\/\/teepy-job.com\/wp-content\/uploads\/2023\/09\/Carrieres-longues-150x150.jpeg 150w, https:\/\/teepy-job.com\/wp-content\/uploads\/2023\/09\/Carrieres-longues-768x768.jpeg 768w, https:\/\/teepy-job.com\/wp-content\/uploads\/2023\/09\/Carrieres-longues.jpeg 1080w\" sizes=\"(max-width: 512px) 100vw, 512px\" \/><\/figure><\/div>\n\n\n<p>Cela n\u00e9cessitera malgr\u00e9 tout avoir cotis\u00e9s les trimestres n\u00e9cessaires (entre 169 et 172) selon votre ann\u00e9e de naissance<\/p>\n\n\n\n<h2>Revalorisation des pensions minimales\u00a0: \u00a0<\/h2>\n\n\n\n<p>Les pensions les plus basses sont revaloris\u00e9es \u00e0 hauteur de 100 euros par mois maximum pour les personnes prenant leur retraite \u00e0 partir du 1er septembre 2023. Pour les retraites d\u00e9j\u00e0 en cours la revalorisation s\u2019\u00e9chelonnera entre septembre 2023 et le printemps 2024.<br>La retraite minimum passe \u00e0 848\u20ac brut pour une carri\u00e8re compl\u00e8te.<\/p>\n\n\n\n<p>Cette mesure vise \u00e0 am\u00e9liorer le niveau de. viedes retrait\u00e9s les plus modestes.<\/p>\n\n\n\n<h2>R\u00e9forme des r\u00e9gimes sp\u00e9ciaux\u00a0: <\/h2>\n\n\n\n<p>Les r\u00e9gimes sp\u00e9ciaux de retraite, qui concernent certains professions comme la RATP&nbsp;, Banque de France ou Industries \u00e9lectriques et du gaz, sont progressivement align\u00e9s sur le r\u00e9gime g\u00e9n\u00e9ral.<\/p>\n\n\n\n<h2>La retraite progressive <\/h2>\n\n\n\n<p>est \u00e9tendue aux fonctionnaires, professions lib\u00e9rales et avocats avec une simplification de l\u2019acc\u00e8s \u00e0 ce dispositif. L\u2019ouverture sera n\u00e9anmoins toujours fix\u00e9 \u00e0 2 ans avant l\u2019\u00e2ge l\u00e9gal de d\u00e9part.<\/p>\n\n\n\n<h2>Cumul emploi retraite<\/h2>\n\n\n\n<p>\u00c0 compter du 1er septembre 2023, le cumul emploi-retraite permet \u00e9galement d&rsquo;acqu\u00e9rir de nouveaux droits \u00e0 la retraite.<br>Les personnes retrait\u00e9es qui exercent une activit\u00e9 professionnelle peuvent ainsi continuer \u00e0 cumuler des points de retraite, ce qui leur permettra de b\u00e9n\u00e9ficier d&rsquo;une pension suppl\u00e9mentaire \u00e0 l&rsquo;issue de leur p\u00e9riode de cumul emploi-retraite. Accord\u00e9e sous conditions, il s\u2019agira d\u2019\u00ab<strong>&nbsp;une \u00ab&nbsp;seconde pension&nbsp;\u00bb calcul\u00e9e sur la base des m\u00eames r\u00e8gles que la premi\u00e8re<\/strong>&nbsp;\u00bb.<\/p>\n\n\n\n<p>Le cumul emploi-retraite est une mesure importante qui permet aux retrait\u00e9s de rester actifs et de contribuer \u00e0 la soci\u00e9t\u00e9.<\/p>\n\n\n\n<p>Mais aussi la pr\u00e9vention de l\u2019usure professionnelle par la cr\u00e9ation du <strong>\u00a0\u00bb Fonds d\u2019investissement dans la pr\u00e9vention de l\u2019usure professionnelle (FIPU)\u00a0\u00bb.<\/strong><br>et la cr\u00e9ation de l\u2019assurance vieillesse des aidants pour \u00ab<strong>&nbsp;renforcer les droits \u00e0 retraite des aidants<\/strong>&nbsp;\u00bb, et permettre aux aidants de valider des trimestres pleins de retraite sur des p\u00e9riodes non travaill\u00e9es ou travaill\u00e9es \u00e0 temps partiel, en vue de s\u2019occuper d\u2019un enfant ou d\u2019un proche en situation de handicap.<\/p>\n\n\n\n<p>Source<\/p>\n\n\n\n<p><a href=\"https:\/\/www.service-public.fr\/particuliers\/vosdroits\/F13845\">https:\/\/www.service-public.fr\/particuliers\/vosdroits\/F13845<\/a> <\/p>\n\n\n\n<p><a href=\"https:\/\/www.legifrance.gouv.fr\/jorf\/jo\">https:\/\/www.legifrance.gouv.fr\/jorf\/jo<\/a><\/p>\n\n\n\n<p><a href=\"https:\/\/travail-emploi.gouv.fr\/actualites\/presse\/communiques-de-presse\/article\/reforme-des-retraites-publication-des-decrets-relatifs-aux-transitions-activite\">https:\/\/travail-emploi.gouv.fr\/actualites\/presse\/communiques-de-presse\/article\/reforme-des-retraites-publication-des-decrets-relatifs-aux-transitions-activite<\/a><br><a href=\"https:\/\/travail-emploi.gouv.fr\/actualites\/presse\/communiques-de-presse\/article\/reforme-des-retraites-publication-des-decrets-relatifs-aux-transitions-activitehttps:\/\/travail-emploi.gouv.fr\/actualites\/presse\/communiques-de-presse\/article\/reforme-des-retraites-publication-des-decrets-relatifs-aux-transitions-activite\">https:\/\/travail-emploi.gouv.fr\/actualites\/presse\/communiques-de-presse\/article\/reforme-des-retraites-publication-des-decrets-relatifs-aux-transitions-activitehttps:\/\/travail-emploi.gouv.fr\/actualites\/presse\/communiques-de-presse\/article\/reforme-des-retraites-publication-des-decrets-relatifs-aux-transitions-activite<\/a><\/p>\n\n\n\n<p><a href=\"https:\/\/www.lassuranceretraite.fr\/portail-info\/portail-info\/sites\/pub\/hors-menu\/actualites-nationales\/actif\/2022\/decryptage-du-projet-de-reforme-.html\">https:\/\/www.lassuranceretraite.fr\/portail-info\/portail-info\/sites\/pub\/hors-menu\/actualites-nationales\/actif\/2022\/decryptage-du-projet-de-reforme-.html<\/a><\/p>\n","protected":false},"excerpt":{"rendered":"<p>La r\u00e9forme des retraites fran\u00e7aises, entr\u00e9e en vigueur le 1er septembre 2023, a pour objectif de garantir la p\u00e9rennit\u00e9 du syst\u00e8me de retraite fran\u00e7ais, qui est confront\u00e9 \u00e0 un vieillissement [&hellip;]<\/p>\n","protected":false},"author":229,"featured_media":370482,"comment_status":"closed","ping_status":"open","sticky":false,"template":"","format":"standard","meta":{"ep_exclude_from_search":false},"categories":[59],"tags":[],"_links":{"self":[{"href":"https:\/\/teepy-job.com\/rest-api\/wp\/v2\/posts\/370472"}],"collection":[{"href":"https:\/\/teepy-job.com\/rest-api\/wp\/v2\/posts"}],"about":[{"href":"https:\/\/teepy-job.com\/rest-api\/wp\/v2\/types\/post"}],"author":[{"embeddable":true,"href":"https:\/\/teepy-job.com\/rest-api\/wp\/v2\/users\/229"}],"replies":[{"embeddable":true,"href":"https:\/\/teepy-job.com\/rest-api\/wp\/v2\/comments?post=370472"}],"version-history":[{"count":9,"href":"https:\/\/teepy-job.com\/rest-api\/wp\/v2\/posts\/370472\/revisions"}],"predecessor-version":[{"id":370537,"href":"https:\/\/teepy-job.com\/rest-api\/wp\/v2\/posts\/370472\/revisions\/370537"}],"wp:featuredmedia":[{"embeddable":true,"href":"https:\/\/teepy-job.com\/rest-api\/wp\/v2\/media\/370482"}],"wp:attachment":[{"href":"https:\/\/teepy-job.com\/rest-api\/wp\/v2\/media?parent=370472"}],"wp:term":[{"taxonomy":"category","embeddable":true,"href":"https:\/\/teepy-job.com\/rest-api\/wp\/v2\/categories?post=370472"},{"taxonomy":"post_tag","embeddable":true,"href":"https:\/\/teepy-job.com\/rest-api\/wp\/v2\/tags?post=370472"}],"curies":[{"name":"wp","href":"https:\/\/api.w.org\/{rel}","templated":true}]}}