



{"id":183068,"date":"2022-06-13T10:38:35","date_gmt":"2022-06-13T08:38:35","guid":{"rendered":"https:\/\/teepy-job.com\/?p=183068"},"modified":"2022-06-13T10:38:35","modified_gmt":"2022-06-13T08:38:35","slug":"apres-50-ans-tout-devient-possible","status":"publish","type":"post","link":"https:\/\/teepy-job.com\/apres-50-ans-tout-devient-possible\/","title":{"rendered":"Apr\u00e8s 50 ans, tout devient possible\u2026"},"content":{"rendered":"<h2>Les seniors ne doivent pas rester sur leur \u00ab\u00a0faim\u00a0\u00bb de carri\u00e8re\u00a0!<\/h2>\n<p>Aujourd\u2019hui, arriver \u00e0 la retraite sans passer par la case inactivit\u00e9 ou ch\u00f4mage seul moins d\u2019un salari\u00e9 sur deux y parvient.<br \/>\nAlors, \u00e0 la cinquantaine, une seconde vie \u00ab\u00a0pro\u00a0\u00bb commence et vous b\u00e9n\u00e9ficiez de s\u00e9rieux atouts pour construire la suite de votre vie professionnelle.<\/p>\n<p>Le travail salari\u00e9 est un marqueur identitaire pour la plupart d\u2019entre vous\u2026<br \/>\nVous avez \u00e9t\u00e9 biberonn\u00e9s, pour la plupart, au travail depuis votre plus jeune \u00e2ge.<br \/>\nAlors oui, c\u2019est dur de se retrouver du jour au lendemain en dehors du salariat quand on l\u2019a toujours \u00e9t\u00e9. On perd confiance en soi.<\/p>\n<p>Le changement peut para\u00eetre effrayant, \u00e0 vous tous. Changer c\u2019est attirant et en m\u00eame temps la dose d\u2019inconnu et de risques peut faire peur.<\/p>\n<p>&nbsp;<\/p>\n<h2>Face \u00e0 ce tournant, cette transition opter pour la reconversion professionnelle<\/h2>\n<p>La d\u00e9cision est importante surtout lorsque vous avez pass\u00e9 toute votre carri\u00e8re dans un m\u00e9tier que vous n\u2019aimez plus.<\/p>\n<p>Vous \u00eates en pleine reconversion professionnelle ! C\u2019est un moment important de votre vie, dans lequel vous allez repenser le sens de votre travail et votre avenir professionnel.<br \/>\nL&rsquo;important pour avancer et apporter \u00e0 votre carri\u00e8re ce suppl\u00e9ment d\u2019\u00e2me dont elle a besoin c\u2019est de trouver la motivation pour se lancer.<br \/>\nNormalement, on part en reconversion professionnelle parce qu\u2019on a envie de trouver un m\u00e9tier qui nous correspond encore plus qu\u2019avant. Le probl\u00e8me c\u2019est que sur le moment, on ne sait pas encore ce que l\u2019on veut et c\u2019est normal.<br \/>\nLa reconversion professionnelle : des \u00e9tapes cl\u00e9s \u00e0 suivre<\/p>\n<p>Il existe plusieurs \u00e9tapes pour arriver \u00e0 ce que vous d\u00e9sirez atteindre dans votre reconversion professionnelle.<\/p>\n<ul>\n<li>Pour commencer, posez-vous la bonne question\u00a0\u00ab quel m\u00e9tier me plairait ? \u00bb et prenez le temps de d\u00e9terminer ce qui vous plait et ce qui ne vous plait pas dans votre travail actuel pour savoir ce que vous voulez faire de vos ann\u00e9es \u00e0 venir. S\u2019il y a une chose que vous devez prendre en compte dans votre reconversion professionnelle, c\u2019est de r\u00e9ussir \u00e0 prendre du recul sur ce que vous faites actuellement.<\/li>\n<li>Vous pouvez \u00e9galement demander conseil \u00e0 des personnes que vous c\u00f4toyez au quotidien et qui ont une exp\u00e9rience dans le monde du travail.N\u2019oubliez pas qu\u2019il est important de r\u00e9fl\u00e9chir \u00e0 l\u2019environnement dans lequel vous voulez travailler.<\/li>\n<li>Une bonne solution se renseigner sur les entreprises \u00e0 travers internet pour avoir une id\u00e9e de ce que vous voulez faire.<\/li>\n<li>Enfin, il faut avoir une id\u00e9e de vos comp\u00e9tences et de vos exp\u00e9riences. N\u2019oubliez pas que votre parcours professionnel doit tenir compte des p\u00e9riodes d\u2019\u00e9chec, qui vous ont \u00e9galement permis de progresser.<\/li>\n<\/ul>\n<p>Une fois que vous aurez \u00e9tabli votre projet professionnel, il est temps d\u2019en parler \u00e0 vos proches. Il peut s\u2019agir de membres de votre famille ou d\u2019amis avec lesquels vous pouvez avoir des conversations s\u00e9rieuses. Ils pourront vous offrir un regard objectif sur ce que vous allez faire.<\/p>\n<h2>Vous avez un projet, une envie, des comp\u00e9tences, cr\u00e9ez votre activit\u00e9, r\u00e9alisez vos r\u00eaves<\/h2>\n<p>Dans une soci\u00e9t\u00e9 qui nous demande de travailler toujours plus longtemps, nombreux sont ceux qui aspirent \u00e0 autre chose qu&rsquo;\u00e0 se laisser glisser vers la retraite. Cinquante ans, c&rsquo;est l&rsquo;\u00e2ge o\u00f9 la pyramide des responsabilit\u00e9s se r\u00e9tr\u00e9cit mais ils vous restent\u00a0encore une quinzaine d&rsquo;ann\u00e9es \u00e0 travailler\u00a0devant vous.\u00a0Du coup, vous se mettez en qu\u00eate de nouveaux challenges.<\/p>\n<p><a href=\"https:\/\/www.agiretentreprendre.fr\/entreprendre-apres-50-ans\/\" target=\"_blank\" rel=\"noopener noreferrer\">2 motivations<\/a> vous am\u00e8nent \u00e0 vouloir cr\u00e9er votre entreprise \u00e0 50 ans ou plus :<\/p>\n<p>&#8211; Le d\u00e9sir latent, une app\u00e9tence pour la cr\u00e9ation d&rsquo;entreprise, qui peut s&rsquo;exprimer \u00e0 50 ans, ou plus tard.<\/p>\n<p>&#8211; La crise d&rsquo;orientation professionnelle qui frappe un peu tout le monde \u00e0 une certaine p\u00e9riode de sa vie ou pour \u00e9viter la d\u00e9motivation li\u00e9e \u00e0 l\u2019inactivit\u00e9, au ch\u00f4mage.<\/p>\n<p>Cr\u00e9er \u00e0 50 ans, c\u2019est :<\/p>\n<ul>\n<li>Se challenger<\/li>\n<li>\u00catre libre de son temps<\/li>\n<li>Avoir une exp\u00e9rience professionnelle<\/li>\n<li>Avoir un r\u00e9seau professionnel solide<\/li>\n<\/ul>\n<p>Ce sera l\u2019occasion de partager votre savoir-faire et de faire \u00e9voluer vos projets professionnels.<\/p>\n<p>Les \u00ab<em>\u00a0quinquapreneurs<\/em>\u00a0\u00bb ont\u00a0de nombreux atouts\u00a0\u00e0 mettre en avant. \u00ab\u00a0<em>Ils ont la force de l&rsquo;exp\u00e9rience, un certain capital financier et surtout un important r\u00e9seau qu&rsquo;ils ont construit au cours de leur carri\u00e8re\u00a0<\/em>\u00bb, explique Sebastien Dottin, vice-pr\u00e9sident de BGE.<br \/>\nLes entrepreneurs de plus de cinquante ans sont r\u00e9fl\u00e9chis et prudent.<\/p>\n<p>En France, en 2021, les seniors repr\u00e9sentent plus de 20% des cr\u00e9ateurs d&rsquo;entreprise. Entreprendre en fin de carri\u00e8re ou apr\u00e8s la retraite est effectivement facilit\u00e9e par le r\u00e9seau professionnel et l\u2019exp\u00e9rience acquise, atouts qui sont propres aux seniors actifs. Si la cr\u00e9ation de A \u00e0 Z vous fait peur, pensez \u00e0 <a href=\"https:\/\/www.pole-emploi.fr\/candidat\/je-creereprends-une-entreprise\/avant-de-se-lancer\/creer-ou-reprendre-une-entrepris.html\" target=\"_blank\" rel=\"noopener noreferrer\">la reprise d&rsquo;entreprise<\/a>, vous pouvez aussi cr\u00e9er votre entreprise en reprenant une boutique ou un service d&rsquo;un autre-entrepreneur, c&rsquo;est <a href=\"https:\/\/teepy-job.com\/dispositif\/la-franchise-fiche-pratique\/\" target=\"_blank\" rel=\"noopener noreferrer\">la cr\u00e9ation en franchise.<\/a><\/p>\n<h2>En conclusion, si d&rsquo;autres l&rsquo;ont fait pourquoi pas vous ?<\/h2>\n<p>Fa\u00eetes fi des pr\u00e9jug\u00e9s sur l&rsquo;\u00e2ge et osez vous lancer dans la reconversion ou l&rsquo;entreprenariat. <a href=\"https:\/\/app.markcopy.ai\/Faut-il%20rappeler%20qu%E2%80%99en%202050,%20une%20personne%20sur%20trois%20aura%20plus%20de%2060%20ans%20en%20France%20?\" target=\"_blank\" rel=\"noopener noreferrer\">Faut-il rappeler qu\u2019en 2050, une personne sur trois aura plus de 60 ans en France\u00a0?<\/a>*<\/p>\n<p>Les nouvelles g\u00e9n\u00e9rations nous donnent l&rsquo;exemple, ils n&rsquo;h\u00e9sitent pas \u00e0 quitter un emploi qui ne leur pla\u00eet pas ou plus et \u00e0 s&rsquo;installer en Freelance ! Alors foncez !<\/p>\n<p>Dans tous les cas, se lancer, c&rsquo;est tout simplement prendre sa vie en main.<\/p>\n<p>*source <a href=\"https:\/\/www.insee.fr\/fr\/statistiques\/1377211?sommaire=1377217\" target=\"_blank\" rel=\"noopener noreferrer\">INSEE<\/a><\/p>\n","protected":false},"excerpt":{"rendered":"<p>Les seniors ne doivent pas rester sur leur \u00ab\u00a0faim\u00a0\u00bb de carri\u00e8re\u00a0! Aujourd\u2019hui, arriver \u00e0 la retraite sans passer par la case inactivit\u00e9 ou ch\u00f4mage seul moins d\u2019un salari\u00e9 sur deux [&hellip;]<\/p>\n","protected":false},"author":229,"featured_media":183901,"comment_status":"closed","ping_status":"open","sticky":false,"template":"","format":"standard","meta":{"ep_exclude_from_search":false},"categories":[51],"tags":[],"_links":{"self":[{"href":"https:\/\/teepy-job.com\/rest-api\/wp\/v2\/posts\/183068"}],"collection":[{"href":"https:\/\/teepy-job.com\/rest-api\/wp\/v2\/posts"}],"about":[{"href":"https:\/\/teepy-job.com\/rest-api\/wp\/v2\/types\/post"}],"author":[{"embeddable":true,"href":"https:\/\/teepy-job.com\/rest-api\/wp\/v2\/users\/229"}],"replies":[{"embeddable":true,"href":"https:\/\/teepy-job.com\/rest-api\/wp\/v2\/comments?post=183068"}],"version-history":[{"count":4,"href":"https:\/\/teepy-job.com\/rest-api\/wp\/v2\/posts\/183068\/revisions"}],"predecessor-version":[{"id":183902,"href":"https:\/\/teepy-job.com\/rest-api\/wp\/v2\/posts\/183068\/revisions\/183902"}],"wp:featuredmedia":[{"embeddable":true,"href":"https:\/\/teepy-job.com\/rest-api\/wp\/v2\/media\/183901"}],"wp:attachment":[{"href":"https:\/\/teepy-job.com\/rest-api\/wp\/v2\/media?parent=183068"}],"wp:term":[{"taxonomy":"category","embeddable":true,"href":"https:\/\/teepy-job.com\/rest-api\/wp\/v2\/categories?post=183068"},{"taxonomy":"post_tag","embeddable":true,"href":"https:\/\/teepy-job.com\/rest-api\/wp\/v2\/tags?post=183068"}],"curies":[{"name":"wp","href":"https:\/\/api.w.org\/{rel}","templated":true}]}}